{"id":1,"date":"2020-05-12T13:42:20","date_gmt":"2020-05-12T13:42:20","guid":{"rendered":"https:\/\/cevambrasil.com.br\/site\/?p=1"},"modified":"2020-08-05T12:50:44","modified_gmt":"2020-08-05T12:50:44","slug":"hello-world","status":"publish","type":"post","link":"https:\/\/cevambrasil.com.br\/site\/2020\/05\/12\/hello-world\/","title":{"rendered":"A import\u00e2ncia do Apadrinhamento"},"content":{"rendered":"\n<h4 class=\"has-text-align-center wp-block-heading\"><strong>Presidente do <em>CEVAM<\/em>, Dr. Ananias Neves Ferreira, fala sobre o Apadrinhamento Afetivo<\/strong><\/h4>\n\n\n\n<figure class=\"wp-block-gallery aligncenter columns-1 wp-block-gallery-1 is-layout-flex wp-block-gallery-is-layout-flex\"><ul class=\"blocks-gallery-grid\"><li class=\"blocks-gallery-item\"><figure><img loading=\"lazy\" decoding=\"async\" width=\"200\" height=\"300\" src=\"https:\/\/cevambrasil.com.br\/site\/wp-content\/uploads\/2020\/07\/53ab31cc-1c9d-4da2-b651-4cdfff717e30-200x300.jpg\" alt=\"\" data-id=\"62\" data-full-url=\"https:\/\/cevambrasil.com.br\/site\/wp-content\/uploads\/2020\/07\/53ab31cc-1c9d-4da2-b651-4cdfff717e30.jpg\" data-link=\"https:\/\/cevambrasil.com.br\/site\/2020\/05\/12\/hello-world\/53ab31cc-1c9d-4da2-b651-4cdfff717e30\/\" class=\"wp-image-62\" srcset=\"https:\/\/cevambrasil.com.br\/site\/wp-content\/uploads\/2020\/07\/53ab31cc-1c9d-4da2-b651-4cdfff717e30-200x300.jpg 200w, https:\/\/cevambrasil.com.br\/site\/wp-content\/uploads\/2020\/07\/53ab31cc-1c9d-4da2-b651-4cdfff717e30-682x1024.jpg 682w, https:\/\/cevambrasil.com.br\/site\/wp-content\/uploads\/2020\/07\/53ab31cc-1c9d-4da2-b651-4cdfff717e30-768x1152.jpg 768w, https:\/\/cevambrasil.com.br\/site\/wp-content\/uploads\/2020\/07\/53ab31cc-1c9d-4da2-b651-4cdfff717e30-830x1245.jpg 830w, https:\/\/cevambrasil.com.br\/site\/wp-content\/uploads\/2020\/07\/53ab31cc-1c9d-4da2-b651-4cdfff717e30-230x345.jpg 230w, https:\/\/cevambrasil.com.br\/site\/wp-content\/uploads\/2020\/07\/53ab31cc-1c9d-4da2-b651-4cdfff717e30.jpg 853w\" sizes=\"auto, (max-width: 200px) 100vw, 200px\" \/><\/figure><\/li><\/ul><\/figure>\n\n\n\n<p style=\"color:#0d0d0e\" class=\"has-text-color has-text-align-center has-normal-font-size\"><strong>O essencial n\u00e3o \u00e9 falar de amor, mas amar!<\/strong><\/p>\n\n\n\n<p style=\"color:#0d0d0e\" class=\"has-text-color\">O exerc\u00edcio de existir enquanto humano me ensinou que na vida ningu\u00e9m existe sozinho, nascemos de algu\u00e9m e vivemos com algu\u00e9m, independentemente da descend\u00eancia biol\u00f3gica. Por isso, a vida assim como um ato de amor, consiste em um relacionamento de afeto com o outro que caminha junto \u00e0 n\u00f3s na estrada da exist\u00eancia. E, nessa caminhada, a vida sem servir n\u00e3o serve.<\/p>\n\n\n\n<p style=\"color:#0d0d0e\" class=\"has-text-color\">Se temos a oportunidade de servir, vamos servir ao outro. O outro, que vai al\u00e9m, das pessoas do nosso grupo familiar. O outro, al\u00e9m das pessoas dos nossos v\u00ednculos biol\u00f3gicos. O outro, necessitado e carente de amor e afeto.<\/p>\n\n\n\n<p style=\"color:#0d0d0e\" class=\"has-text-color\">Por isso que falar de amor sem pratic\u00e1-lo o torna inexistente no mundo real e o reduz a uma mera simbologia. O amor, em a\u00e7\u00e3o, nos capacita para ultrapassarmos a n\u00f3s mesmos e acolhermos o outro na plenitude de sua individualidade. O verdadeiro amor, portanto n\u00e3o \u00e9 falado, mas praticado, pelo ato de acolher o outro, especialmente, o outro at\u00e9 ent\u00e3o desconhecido para voc\u00ea. O acolhimento, em amor, nesse sentido \u00e9 uma via de m\u00e3o dupla, pois&nbsp; voc\u00ea tamb\u00e9m \u00e9 para ele desconhecido.<\/p>\n\n\n\n<p style=\"color:#0d0d0e\" class=\"has-text-color\">Por isso, \u00e9 chegada a hora de abrirmos os nossos bra\u00e7os e, os nossos lares, para as crian\u00e7as e os adolescente acolhidos! Por meio do Programa de Apadrinhamento Afetivo, voc\u00ea, candidata(o) a madrinha e padrinho poder\u00e1 ter a oportunidade de compartilhar de amor, amizade, carinho e respeito com as v\u00e1rias meninas e meninos acolhidos institucionalmente.<\/p>\n\n\n\n<p style=\"color:#0d0d0e\" class=\"has-text-color\">Posso afirmar para voc\u00eas, que h\u00e1 d\u00e9cadas, ou melhor, por todo o tempo por mim vivido, e, por todo tempo que ainda me for permitido viver, dediquei e dedicarei minhas for\u00e7as e energias em favor dessas crian\u00e7as e adolescentes acolhidos. A motiva\u00e7\u00e3o para continuar \u00e9 exatamente a convic\u00e7\u00e3o de que voc\u00eas, que escolhem ser madrinhas e padrinhos afetivos, s\u00e3o pessoas sens\u00edveis, solid\u00e1rias e capazes de se doar para constru\u00e7\u00e3o do outro e participarem do desenvolvimento integral de nossas crian\u00e7as e adolescentes, de forma a reconhec\u00ea-los como sujeitos de direito, e, a agir de modo efetivar os direitos dos quais s\u00e3o destinat\u00e1rios e titulares.<\/p>\n\n\n\n<p style=\"color:#0d0d0e\" class=\"has-text-color has-text-align-center\"><strong>Maio Laranja<\/strong><\/p>\n\n\n\n<div class=\"wp-block-image\"><figure class=\"aligncenter size-full is-resized\"><img loading=\"lazy\" decoding=\"async\" src=\"https:\/\/cevambrasil.com.br\/site\/wp-content\/uploads\/2020\/07\/image.png\" alt=\"\" class=\"wp-image-60\" width=\"203\" height=\"218\" srcset=\"https:\/\/cevambrasil.com.br\/site\/wp-content\/uploads\/2020\/07\/image.png 271w, https:\/\/cevambrasil.com.br\/site\/wp-content\/uploads\/2020\/07\/image-230x247.png 230w\" sizes=\"auto, (max-width: 203px) 100vw, 203px\" \/><\/figure><\/div>\n\n\n\n<p class=\"has-text-align-center has-small-font-size\">fonte: <a rel=\"noreferrer noopener\" href=\"https:\/\/tucurui.pa.gov.br\/campanha-maio-laranja-e-lancada-em-tucurui\/\" target=\"_blank\">https:\/\/tucurui.pa.gov.br\/campanha-maio-laranja-e-lancada-em-tucurui\/<\/a><\/p>\n\n\n\n<p style=\"color:#0d0d0e\" class=\"has-text-color\">A mem\u00f3ria do tempo n\u00e3o apagou a atrocidade cometida contra Araceli Cabrera Crespo, em 18 de maio de 1973. Com 8 anos de idade foi raptada, drogada, estuprada e morta. N\u00e3o \u00e9 apenas a poeira do tempo que n\u00e3o nos deixa esquec\u00ea-la, mas tamb\u00e9m os constantes atos de abusos e explora\u00e7\u00e3o sexual que continuam at\u00e9 os nossos dias praticados com crueldade.<\/p>\n\n\n\n<p style=\"color:#0d0d0e\" class=\"has-text-color\">As subnotifica\u00e7\u00f5es dos casos que ocorrem diariamente intra paredes dos lares de nossa comunidade e de outras cidades brasileiras, nos convoca a reconhecer as nossas crian\u00e7as e adolescentes como sujeito de direitos, assim, como a ter uma inf\u00e2ncia e adolesc\u00eancia protegida na plenitude do ser humano em estado peculiar em desenvolvimento.<\/p>\n\n\n\n<p style=\"color:#0d0d0e\" class=\"has-text-color\">Por isso, foi institu\u00eddo o 18 de Maio, dia municipal do combate ao abuso e a explora\u00e7\u00e3o sexual de crian\u00e7as e adolescentes. A cor extra\u00edda da flor de tipo G\u00e9rbera, que em sua diversidade de tons contempla a cor laranja, \u00e9 a condutora de nossa visualiza\u00e7\u00e3o ao est\u00e1gio vital da primeira inf\u00e2ncia: como a fragilidade e a pureza de uma flor, nossas crian\u00e7as e adolescentes, em seus primeiros tempos de vida devem ter seus direitos fundamentais garantidos e assegurados.<\/p>\n\n\n\n<p style=\"color:#0d0d0e\" class=\"has-text-color\"><strong>O CEVAM<\/strong><\/p>\n\n\n\n<p><span style=\"color:#0d0d0e\" class=\"has-inline-color\">O Centro de Voluntariado de Apoio ao Menor (CEVAM), localizado na regi\u00e3o central de Belo Horizonte, est\u00e1 aberto para atendimento de candidatas(os) para o Programa de Apadrinhamentos Afetivo. Para participar acesse a aba <\/span><a href=\"https:\/\/cevambrasil.com.br\/site\/como-apadrinhar\/\">\u201cComo apadrinhar?\u201d,<\/a>\u00a0<span style=\"color:#0d0d0e\" class=\"has-inline-color\"> para mais orienta\u00e7\u00f5es.<\/span><\/p>\n\n\n\n<p><span style=\"color:#0d0d0e\" class=\"has-inline-color\">Confira as not\u00edcias, do CEVAM, em<\/span> <a href=\"https:\/\/cevambrasil.com.br\/site\/2020\/05\/12\/hello-world\/\">Destaques<\/a>!<\/p>\n\n\n\n<p><span style=\"color:#0d0d0e\" class=\"has-inline-color\">Confira como contatar, o CEVAM, em<\/span> <a href=\"https:\/\/cevambrasil.com.br\/site\/contato\/\">Contato<\/a>!<\/p>\n\n\n\n<hr class=\"wp-block-separator\"\/>\n","protected":false},"excerpt":{"rendered":"<p>Presidente do CEVAM, Dr. Ananias Neves Ferreira, fala sobre o Apadrinhamento Afetivo O essencial n\u00e3o \u00e9 falar de amor, mas amar! O exerc\u00edcio de existir enquanto humano me ensinou que na vida ningu\u00e9m existe sozinho, nascemos de algu\u00e9m e vivemos com algu\u00e9m, independentemente da descend\u00eancia biol\u00f3gica. Por isso, a vida assim como um ato de &#8230;.&nbsp;&nbsp;<a class=\" special\" href=\"https:\/\/cevambrasil.com.br\/site\/2020\/05\/12\/hello-world\/\">Continuar Lendo<\/a><\/p>\n","protected":false},"author":1,"featured_media":0,"comment_status":"open","ping_status":"open","sticky":false,"template":"","format":"standard","meta":{"ngg_post_thumbnail":0,"pagelayer_contact_templates":[],"_pagelayer_content":"","footnotes":""},"categories":[3],"tags":[],"class_list":["post-1","post","type-post","status-publish","format-standard","hentry","category-destaques"],"_links":{"self":[{"href":"https:\/\/cevambrasil.com.br\/site\/wp-json\/wp\/v2\/posts\/1","targetHints":{"allow":["GET"]}}],"collection":[{"href":"https:\/\/cevambrasil.com.br\/site\/wp-json\/wp\/v2\/posts"}],"about":[{"href":"https:\/\/cevambrasil.com.br\/site\/wp-json\/wp\/v2\/types\/post"}],"author":[{"embeddable":true,"href":"https:\/\/cevambrasil.com.br\/site\/wp-json\/wp\/v2\/users\/1"}],"replies":[{"embeddable":true,"href":"https:\/\/cevambrasil.com.br\/site\/wp-json\/wp\/v2\/comments?post=1"}],"version-history":[{"count":16,"href":"https:\/\/cevambrasil.com.br\/site\/wp-json\/wp\/v2\/posts\/1\/revisions"}],"predecessor-version":[{"id":278,"href":"https:\/\/cevambrasil.com.br\/site\/wp-json\/wp\/v2\/posts\/1\/revisions\/278"}],"wp:attachment":[{"href":"https:\/\/cevambrasil.com.br\/site\/wp-json\/wp\/v2\/media?parent=1"}],"wp:term":[{"taxonomy":"category","embeddable":true,"href":"https:\/\/cevambrasil.com.br\/site\/wp-json\/wp\/v2\/categories?post=1"},{"taxonomy":"post_tag","embeddable":true,"href":"https:\/\/cevambrasil.com.br\/site\/wp-json\/wp\/v2\/tags?post=1"}],"curies":[{"name":"wp","href":"https:\/\/api.w.org\/{rel}","templated":true}]}}