{"id":228,"date":"2020-07-24T15:32:50","date_gmt":"2020-07-24T15:32:50","guid":{"rendered":"https:\/\/cevambrasil.com.br\/site\/?p=228"},"modified":"2020-08-05T13:54:07","modified_gmt":"2020-08-05T13:54:07","slug":"noticias","status":"publish","type":"post","link":"https:\/\/cevambrasil.com.br\/site\/2020\/07\/24\/noticias\/","title":{"rendered":"Not\u00edcias do CEVAM"},"content":{"rendered":"<p>[pl_row]<br>\n[pl_col col=12]<br>\n[pl_text]<\/p>\n\n\n<p><br><span style=\"color:#0d0d0e\" class=\"has-inline-color\"><strong>2019<\/strong><br>&#8220;Abertas as inscri\u00e7\u00f5es para o Apadrinhamento de Natal do CEVAM&#8221;<\/span><br><span style=\"color:#0d0d0e\" class=\"has-inline-color\">Exibi\u00e7\u00e3o: 30 de Outubro de 2019<br>Programa: MG\/TV 1\u00aa edi\u00e7\u00e3o (Rede Globo)<\/span><br><a rel=\"noreferrer noopener\" href=\"https:\/\/globoplay.globo.com\/v\/8045500\/\" target=\"_blank\">https:\/\/globoplay.globo.com\/v\/8045500\/<\/a><\/p>\n\n\n\n<p><br><span style=\"color:#0d0d0e\" class=\"has-inline-color\"><strong>2018<\/strong><br>&#8220;Fam\u00edlias da grande BH podem participar de apadrinhamento afetivo de natal (2018)&#8221;<br>Data: 21 de Novembro de 2018<br>Site: Hoje em Dia<\/span><br><a rel=\"noreferrer noopener\" href=\"https:\/\/www.hojeemdia.com.br\/horizontes\/fam%C3%ADlias-da-grande-bh-podem-participar-de-apadrinhamento-afetivo-no-natal-1.673417\" target=\"_blank\">https:\/\/www.hojeemdia.com.br\/horizontes\/fam%C3%ADlias-da-grande-bh-podem-participar-de-apadrinhamento-afetivo-no-natal-1.673417<\/a><br><br><span style=\"color:#0d0d0e\" class=\"has-inline-color\">&#8220;Programa Social tem inscri\u00e7\u00f5es para quem quiser apadrinhar crian\u00e7as no Natal (2018)&#8221;.<br>Data: 22 de Novembro de 2018<br>Site: Sou BH<\/span><br><a rel=\"noreferrer noopener\" href=\"https:\/\/www.soubh.com.br\/noticias\/variedades\/programa-social-inscricoes-para-apadrinhar-criancas-natal\" target=\"_blank\">https:\/\/www.soubh.com.br\/noticias\/variedades\/programa-social-inscricoes-para-apadrinhar-criancas-natal<\/a><\/p>\n\n\n\n<p><span style=\"color:#0d0d0e\" class=\"has-inline-color\">&#8220;CEVAM prorroga prazo para apadrinhamento afetivo de natal (2018)&#8221;<br>Exibi\u00e7\u00e3o: 28 de Novembro de 2018<br>Programa:&nbsp;MG\/TV 1\u00aa edi\u00e7\u00e3o (Rede Globo)<\/span><br>Site: <a rel=\"noreferrer noopener\" href=\"https:\/\/globoplay.globo.com\/v\/7193341\/\" target=\"_blank\">https:\/\/globoplay.globo.com\/v\/7193341\/<\/a><\/p>\n\n\n\n<p><br><span style=\"color:#0d0d0e\" class=\"has-inline-color\"><strong>2017<\/strong><br>&#8220;Servi\u00e7o de Acolhimento Familiar em Fam\u00edlia Acolhedora ser\u00e1 \u00fanico em BH&#8221;<br>Data: 06 de Junho de 2017<\/span><br>Site:\u00a0<a rel=\"noreferrer noopener\" href=\"http:\/\/www.tjmg.jus.br\/portal-tjmg\/informes\/servico-de-acolhimento-familiar-em-familia-acolhedora-sera-unico-em-bh.htm#.Xxcav55KhQJ\" target=\"_blank\">http:\/\/www.tjmg.jus.br\/portal-tjmg\/informes\/servico-de-acolhimento-familiar-em-familia-acolhedora-sera-unico-em-bh.htm#.Xxcav55KhQJ<\/a><\/p>\n\n\n<p>[\/pl_text]<br>\n[\/pl_col]<br>\n[\/pl_row]<\/p>","protected":false},"excerpt":{"rendered":"<p>[pl_row] [pl_col col=12] [pl_text] 2019&#8220;Abertas as inscri\u00e7\u00f5es para o Apadrinhamento de Natal do CEVAM&#8221;Exibi\u00e7\u00e3o: 30 de Outubro de 2019Programa: MG\/TV 1\u00aa edi\u00e7\u00e3o (Rede Globo)https:\/\/globoplay.globo.com\/v\/8045500\/ 2018&#8220;Fam\u00edlias da grande BH podem participar de apadrinhamento afetivo de natal (2018)&#8221;Data: 21 de Novembro de 2018Site: Hoje em Diahttps:\/\/www.hojeemdia.com.br\/horizontes\/fam%C3%ADlias-da-grande-bh-podem-participar-de-apadrinhamento-afetivo-no-natal-1.673417 &#8220;Programa Social tem inscri\u00e7\u00f5es para quem quiser apadrinhar crian\u00e7as no Natal &#8230;.&nbsp;&nbsp;<a class=\" special\" href=\"https:\/\/cevambrasil.com.br\/site\/2020\/07\/24\/noticias\/\">Continuar Lendo<\/a><\/p>\n","protected":false},"author":1,"featured_media":0,"comment_status":"open","ping_status":"open","sticky":false,"template":"","format":"standard","meta":{"ngg_post_thumbnail":0,"pagelayer_contact_templates":[],"_pagelayer_content":"","footnotes":""},"categories":[4],"tags":[],"class_list":["post-228","post","type-post","status-publish","format-standard","hentry","category-noticias"],"_links":{"self":[{"href":"https:\/\/cevambrasil.com.br\/site\/wp-json\/wp\/v2\/posts\/228","targetHints":{"allow":["GET"]}}],"collection":[{"href":"https:\/\/cevambrasil.com.br\/site\/wp-json\/wp\/v2\/posts"}],"about":[{"href":"https:\/\/cevambrasil.com.br\/site\/wp-json\/wp\/v2\/types\/post"}],"author":[{"embeddable":true,"href":"https:\/\/cevambrasil.com.br\/site\/wp-json\/wp\/v2\/users\/1"}],"replies":[{"embeddable":true,"href":"https:\/\/cevambrasil.com.br\/site\/wp-json\/wp\/v2\/comments?post=228"}],"version-history":[{"count":8,"href":"https:\/\/cevambrasil.com.br\/site\/wp-json\/wp\/v2\/posts\/228\/revisions"}],"predecessor-version":[{"id":304,"href":"https:\/\/cevambrasil.com.br\/site\/wp-json\/wp\/v2\/posts\/228\/revisions\/304"}],"wp:attachment":[{"href":"https:\/\/cevambrasil.com.br\/site\/wp-json\/wp\/v2\/media?parent=228"}],"wp:term":[{"taxonomy":"category","embeddable":true,"href":"https:\/\/cevambrasil.com.br\/site\/wp-json\/wp\/v2\/categories?post=228"},{"taxonomy":"post_tag","embeddable":true,"href":"https:\/\/cevambrasil.com.br\/site\/wp-json\/wp\/v2\/tags?post=228"}],"curies":[{"name":"wp","href":"https:\/\/api.w.org\/{rel}","templated":true}]}}